{"id":361,"date":"2014-10-15T22:11:19","date_gmt":"2014-10-15T22:11:19","guid":{"rendered":"http:\/\/motoportugal.pt\/?p=361"},"modified":"2014-10-29T11:18:18","modified_gmt":"2014-10-29T11:18:18","slug":"uma-ninja-turbo-h2r","status":"publish","type":"post","link":"http:\/\/motoportugal.pt\/?p=361","title":{"rendered":"Uma Ninja Turbo H2R"},"content":{"rendered":"<p>A Kawasaki surpreendeu tudo e todos no Sal\u00e3o de Col\u00f3nia, na Alemanha, com a estreia da Ninja H2R, estudo que anuncia a Ninja H2, aquela que ser\u00e1 a mais potente moto de produ\u00e7\u00e3o alguma vez constru\u00edda.<\/p>\n<div style=\"width: 393px\" class=\"wp-caption aligncenter\"><img loading=\"lazy\" decoding=\"async\" class=\"\" src=\"http:\/\/www.kawasaki.com\/images\/hr2-1.jpg\" alt=\"\" width=\"383\" height=\"213\" \/><p class=\"wp-caption-text\">H2R<\/p><\/div>\n<p>Esta H2R \u00e9 assim uma vis\u00e3o mais radical e projetada para pista da futura Ninja H2.<\/p>\n<blockquote class=\"pixcode  pixcode--testimonial  testimonial testimonial--medium-text\">\n\t<div class=\"testimonial__content\">\n<p>Est\u00e1 equipada com um motor turbo de 998cc de cilindrada, debitando algo como 300cv de pot\u00eancia.<\/p>\n<\/div>\n\n\t<\/blockquote>\n\n<p>Trata-se assim de uma esp\u00e9cie de montra tecnol\u00f3gica sem quaisquer limita\u00e7\u00f5es no motor, j\u00e1 que a H2 de produ\u00e7\u00e3o ter\u00e1 de ser bem mais domesticada pois um motor turbo com 300cv \u00e9 impens\u00e1vel numa moto de estrada.<\/p>\n<p>Assim os \u00fanicos dados que v\u00e3o al\u00e9m das capacidades do motor s\u00e3o os que se percebem visualmente como o quadro, carro\u00e7aria em carbono e o sistema electr\u00f3nico de amortecimento da dire\u00e7\u00e3o.<\/p>\n<p>Uma das curiosidades da H2R \u00e9 a utiliza\u00e7\u00e3o de pequenas &#8220;asas&#8221; nas carenagens de fibra de carbono com o objetivo de otimizar o efeito aerodin\u00e2mico.<\/p>\n<div style=\"width: 393px\" class=\"wp-caption aligncenter\"><img loading=\"lazy\" decoding=\"async\" class=\"\" src=\"http:\/\/www.kawasaki.com\/images\/hr2-5.jpg\" alt=\"\" width=\"383\" height=\"213\" \/><p class=\"wp-caption-text\">H2R<\/p><\/div>\n<p>Obviamente que para &#8220;domar&#8221; tanta pot\u00eancia as ajudas electr\u00f3nicas ser\u00e3o mais do que muitas, mas a Kawasaki n\u00e3o avan\u00e7ou com nenhum detalhe.<\/p>\n<p>A \u201cvers\u00e3o de estrada\u201d da Ninja H2R ser\u00e1 revelada no Sal\u00e3o de Mil\u00e3o, que decorrer\u00e1 entre 6 e 9 de novembro.<\/p>\n<p>&nbsp;<\/p>\n","protected":false},"excerpt":{"rendered":"<p>A Kawasaki surpreendeu tudo e todos no Sal\u00e3o de Col\u00f3nia, na Alemanha, com a estreia da Ninja H2R, estudo que&#8230;<\/p>\n","protected":false},"author":1,"featured_media":363,"comment_status":"open","ping_status":"open","sticky":false,"template":"","format":"standard","meta":{"jetpack_post_was_ever_published":false,"_jetpack_newsletter_access":"","_jetpack_dont_email_post_to_subs":false,"_jetpack_newsletter_tier_id":0,"_jetpack_memberships_contains_paywalled_content":false,"_jetpack_memberships_contains_paid_content":false,"footnotes":"","jetpack_publicize_message":"","jetpack_publicize_feature_enabled":true,"jetpack_social_post_already_shared":false,"jetpack_social_options":{"image_generator_settings":{"template":"highway","enabled":false}}},"categories":[6,61],"tags":[],"jetpack_publicize_connections":[],"jetpack_featured_media_url":"http:\/\/motoportugal.pt\/wp-content\/uploads\/kawasaki-ninja-h2-street-leak.jpg","jetpack_sharing_enabled":true,"jetpack_shortlink":"https:\/\/wp.me\/p5fBxe-5P","_links":{"self":[{"href":"http:\/\/motoportugal.pt\/index.php?rest_route=\/wp\/v2\/posts\/361"}],"collection":[{"href":"http:\/\/motoportugal.pt\/index.php?rest_route=\/wp\/v2\/posts"}],"about":[{"href":"http:\/\/motoportugal.pt\/index.php?rest_route=\/wp\/v2\/types\/post"}],"author":[{"embeddable":true,"href":"http:\/\/motoportugal.pt\/index.php?rest_route=\/wp\/v2\/users\/1"}],"replies":[{"embeddable":true,"href":"http:\/\/motoportugal.pt\/index.php?rest_route=%2Fwp%2Fv2%2Fcomments&post=361"}],"version-history":[{"count":0,"href":"http:\/\/motoportugal.pt\/index.php?rest_route=\/wp\/v2\/posts\/361\/revisions"}],"wp:featuredmedia":[{"embeddable":true,"href":"http:\/\/motoportugal.pt\/index.php?rest_route=\/wp\/v2\/media\/363"}],"wp:attachment":[{"href":"http:\/\/motoportugal.pt\/index.php?rest_route=%2Fwp%2Fv2%2Fmedia&parent=361"}],"wp:term":[{"taxonomy":"category","embeddable":true,"href":"http:\/\/motoportugal.pt\/index.php?rest_route=%2Fwp%2Fv2%2Fcategories&post=361"},{"taxonomy":"post_tag","embeddable":true,"href":"http:\/\/motoportugal.pt\/index.php?rest_route=%2Fwp%2Fv2%2Ftags&post=361"}],"curies":[{"name":"wp","href":"https:\/\/api.w.org\/{rel}","templated":true}]}}