{"id":420,"date":"2014-10-24T14:39:59","date_gmt":"2014-10-24T14:39:59","guid":{"rendered":"http:\/\/motoportugal.pt\/?p=420"},"modified":"2014-10-24T14:39:59","modified_gmt":"2014-10-24T14:39:59","slug":"kawasaki-vulcan-s","status":"publish","type":"post","link":"http:\/\/motoportugal.pt\/?p=420","title":{"rendered":"Kawasaki Vulcan S"},"content":{"rendered":"<p>Um design de tendencias. Uma cruiser com linhas curvas e elegantes foi o que descobrimos com a Kawasaki Vulcan S. Acreditamos que um condutor gosta de conduzir uma moto que seja um reflexo da sua personalidade, bem como o reflexo dos seus gostos e preferencias. Para todos aqueles que t\u00eam no espirito a exclusividade e uma atitude contra corrente, a Vulcan parece ser uma alternativa elegante e moderna \u00e0s Cruisers tradicionais.<\/p>\n<p><a href=\"http:\/\/motoportugal.pt\/wp-content\/uploads\/hi_15my_vulcan-s_35a.jpg\"><img loading=\"lazy\" decoding=\"async\" class=\"aligncenter wp-image-422 size-large\" src=\"http:\/\/motoportugal.pt\/wp-content\/uploads\/hi_15my_vulcan-s_35a-1024x682.jpg\" alt=\"Kawasaki Vulcan S\" width=\"960\" height=\"639\" srcset=\"http:\/\/motoportugal.pt\/wp-content\/uploads\/hi_15my_vulcan-s_35a-1024x682.jpg 1024w, http:\/\/motoportugal.pt\/wp-content\/uploads\/hi_15my_vulcan-s_35a-300x200.jpg 300w, http:\/\/motoportugal.pt\/wp-content\/uploads\/hi_15my_vulcan-s_35a-335x223.jpg 335w, http:\/\/motoportugal.pt\/wp-content\/uploads\/hi_15my_vulcan-s_35a-1050x700.jpg 1050w, http:\/\/motoportugal.pt\/wp-content\/uploads\/hi_15my_vulcan-s_35a.jpg 1600w\" sizes=\"(max-width: 960px) 100vw, 960px\" \/><\/a><\/p>\n<p>&nbsp;<\/p>\n<p>O farol em tringulo invertido d\u00e1-lhe um aspeto \u00fanico e inovador, conferindo-lhe um ar agressivo. \u00a0O deposito em forma de gota marca a sua identidade como Cruiser. As placas a tapar o motor complementam o desenho, e deu-se mais importancia ao detalhe.<\/p>\n<p><a href=\"http:\/\/motoportugal.pt\/wp-content\/uploads\/hi_15my_vulcan-s_23.jpg\"><img loading=\"lazy\" decoding=\"async\" class=\"aligncenter wp-image-421 size-large\" src=\"http:\/\/motoportugal.pt\/wp-content\/uploads\/hi_15my_vulcan-s_23-1024x682.jpg\" alt=\"Kawasaki Vulcan S\" width=\"960\" height=\"639\" srcset=\"http:\/\/motoportugal.pt\/wp-content\/uploads\/hi_15my_vulcan-s_23-1024x682.jpg 1024w, http:\/\/motoportugal.pt\/wp-content\/uploads\/hi_15my_vulcan-s_23-300x200.jpg 300w, http:\/\/motoportugal.pt\/wp-content\/uploads\/hi_15my_vulcan-s_23-335x223.jpg 335w, http:\/\/motoportugal.pt\/wp-content\/uploads\/hi_15my_vulcan-s_23-1050x700.jpg 1050w, http:\/\/motoportugal.pt\/wp-content\/uploads\/hi_15my_vulcan-s_23.jpg 1600w\" sizes=\"(max-width: 960px) 100vw, 960px\" \/><\/a><\/p>\n<p>&nbsp;<\/p>\n<p>A nova Kawasaki Vulcan\u00a0S vai ser apresentada no Sal\u00e3o EICMA Mil\u00e3o no pr\u00f3ximo\u00a0dia 4 de Novembro de 2014.<\/p>\n<p>&nbsp;<\/p>\n<p>&nbsp;<\/p>\n","protected":false},"excerpt":{"rendered":"<p>Um design de tendencias. Uma cruiser com linhas curvas e elegantes foi o que descobrimos com a Kawasaki Vulcan S&#8230;.<\/p>\n","protected":false},"author":1,"featured_media":423,"comment_status":"open","ping_status":"open","sticky":false,"template":"","format":"standard","meta":{"jetpack_post_was_ever_published":false,"_jetpack_newsletter_access":"","_jetpack_dont_email_post_to_subs":false,"_jetpack_newsletter_tier_id":0,"_jetpack_memberships_contains_paywalled_content":false,"_jetpack_memberships_contains_paid_content":false,"footnotes":"","jetpack_publicize_message":"","jetpack_publicize_feature_enabled":true,"jetpack_social_post_already_shared":false,"jetpack_social_options":{"image_generator_settings":{"template":"highway","enabled":false}}},"categories":[6,61],"tags":[],"jetpack_publicize_connections":[],"jetpack_featured_media_url":"http:\/\/motoportugal.pt\/wp-content\/uploads\/hi_15my_vulcan-s_lifestyle.jpg","jetpack_sharing_enabled":true,"jetpack_shortlink":"https:\/\/wp.me\/p5fBxe-6M","_links":{"self":[{"href":"http:\/\/motoportugal.pt\/index.php?rest_route=\/wp\/v2\/posts\/420"}],"collection":[{"href":"http:\/\/motoportugal.pt\/index.php?rest_route=\/wp\/v2\/posts"}],"about":[{"href":"http:\/\/motoportugal.pt\/index.php?rest_route=\/wp\/v2\/types\/post"}],"author":[{"embeddable":true,"href":"http:\/\/motoportugal.pt\/index.php?rest_route=\/wp\/v2\/users\/1"}],"replies":[{"embeddable":true,"href":"http:\/\/motoportugal.pt\/index.php?rest_route=%2Fwp%2Fv2%2Fcomments&post=420"}],"version-history":[{"count":0,"href":"http:\/\/motoportugal.pt\/index.php?rest_route=\/wp\/v2\/posts\/420\/revisions"}],"wp:featuredmedia":[{"embeddable":true,"href":"http:\/\/motoportugal.pt\/index.php?rest_route=\/wp\/v2\/media\/423"}],"wp:attachment":[{"href":"http:\/\/motoportugal.pt\/index.php?rest_route=%2Fwp%2Fv2%2Fmedia&parent=420"}],"wp:term":[{"taxonomy":"category","embeddable":true,"href":"http:\/\/motoportugal.pt\/index.php?rest_route=%2Fwp%2Fv2%2Fcategories&post=420"},{"taxonomy":"post_tag","embeddable":true,"href":"http:\/\/motoportugal.pt\/index.php?rest_route=%2Fwp%2Fv2%2Ftags&post=420"}],"curies":[{"name":"wp","href":"https:\/\/api.w.org\/{rel}","templated":true}]}}