{"id":452,"date":"2014-10-27T10:11:21","date_gmt":"2014-10-27T10:11:21","guid":{"rendered":"http:\/\/motoportugal.pt\/?p=452"},"modified":"2014-10-29T13:05:57","modified_gmt":"2014-10-29T13:05:57","slug":"marquez-encantado","status":"publish","type":"post","link":"http:\/\/motoportugal.pt\/?p=452","title":{"rendered":"Marquez encantado"},"content":{"rendered":"<div>Depois de ter estabelecido novo recorde do circuito ao reclamar a pole position, M\u00e1rquez teve um in\u00edcio de corrida complicado, alargando a linha na Curva 1. O Campe\u00e3o do Mundo de MotoGP\u2122 de 2014 chegou a rodar em nono antes de come\u00e7ar a recuperar e passar v\u00e1rios pilotos. Pela segunda volta ele estava j\u00e1 em terceiro.<\/div>\n<div><\/div>\n<div>Nas passagens que se seguiram pela meta o piloto da Honda rodou atr\u00e1s da dupla da Movistar Yamaha MotoGP, Jorge Lorenzo e Valentino Rossi at\u00e9 \u00e0 10\u00aa volta. Rossi passou o colega de equipa e permitiu a M\u00e1rquez que o seguisse; a partir deste momento foi uma luta a dois.<\/div>\n<div><\/div>\n<div>Na 11\u00aa volta M\u00e1rquez assumiu a lideran\u00e7a, com Rossi a segui-lo de perto durante o resto da corrida, mas o ritmo do espanhol com pneus usados era muito forte. Rossi terminou a 2,445s de M\u00e1rquez e o espanhol reclamou a primeira vit\u00f3ria desde Silverstone, colocando ponto final em sequ\u00eancia de quatro triunfos da Yamaha.<\/div>\n<div><\/div>\n<div>\n<blockquote class=\"pixcode  pixcode--testimonial  testimonial testimonial--medium-text\">\n\t<div class=\"testimonial__content\">\n<p>\u201cEstou mesmo contente com a corrida. O rival mais forte foi o tempo, esteve mesmo muito calor! Mas sim, foi dif\u00edcil. No in\u00edcio estava preocupado com a durabilidade do pneu, em especial com a parte final. N\u00e3o estive bem na Curva 1, mas depois comecei a ultrapassar pilotos. Respondi forte e estou contente por voltar \u00e0s vit\u00f3rias.\u201d<\/p>\n<\/div>\n\n\t<\/blockquote>\n\n<\/div>\n<div><\/div>\n<div>\u201cIgualei o recorde do Mick Doohan, com mais uma corrida ainda por disputar talvez o consiga bater! Se tivesse tido um mau resultado aqui a press\u00e3o em Val\u00eancia seria maior. Mas agora estou livre em Val\u00eancia e posso fazer melhor para todo os meus f\u00e3s e desfrutar! Vou dar toda a minha sorte ao Alex (o irm\u00e3o) em Val\u00eancia,\u201d acrescentou.<\/div>\n","protected":false},"excerpt":{"rendered":"<p>Depois de ter estabelecido novo recorde do circuito ao reclamar a pole position, M\u00e1rquez teve um in\u00edcio de corrida complicado,&#8230;<\/p>\n","protected":false},"author":1,"featured_media":457,"comment_status":"open","ping_status":"closed","sticky":false,"template":"","format":"standard","meta":{"jetpack_post_was_ever_published":false,"_jetpack_newsletter_access":"","_jetpack_dont_email_post_to_subs":false,"_jetpack_newsletter_tier_id":0,"_jetpack_memberships_contains_paywalled_content":false,"_jetpack_memberships_contains_paid_content":false,"footnotes":"","jetpack_publicize_message":"","jetpack_publicize_feature_enabled":true,"jetpack_social_post_already_shared":true,"jetpack_social_options":{"image_generator_settings":{"template":"highway","enabled":false}}},"categories":[60],"tags":[],"jetpack_publicize_connections":[],"jetpack_featured_media_url":"http:\/\/motoportugal.pt\/wp-content\/uploads\/93marquez_lg4_1586_original.jpg","jetpack_sharing_enabled":true,"jetpack_shortlink":"https:\/\/wp.me\/p5fBxe-7i","_links":{"self":[{"href":"http:\/\/motoportugal.pt\/index.php?rest_route=\/wp\/v2\/posts\/452"}],"collection":[{"href":"http:\/\/motoportugal.pt\/index.php?rest_route=\/wp\/v2\/posts"}],"about":[{"href":"http:\/\/motoportugal.pt\/index.php?rest_route=\/wp\/v2\/types\/post"}],"author":[{"embeddable":true,"href":"http:\/\/motoportugal.pt\/index.php?rest_route=\/wp\/v2\/users\/1"}],"replies":[{"embeddable":true,"href":"http:\/\/motoportugal.pt\/index.php?rest_route=%2Fwp%2Fv2%2Fcomments&post=452"}],"version-history":[{"count":0,"href":"http:\/\/motoportugal.pt\/index.php?rest_route=\/wp\/v2\/posts\/452\/revisions"}],"wp:featuredmedia":[{"embeddable":true,"href":"http:\/\/motoportugal.pt\/index.php?rest_route=\/wp\/v2\/media\/457"}],"wp:attachment":[{"href":"http:\/\/motoportugal.pt\/index.php?rest_route=%2Fwp%2Fv2%2Fmedia&parent=452"}],"wp:term":[{"taxonomy":"category","embeddable":true,"href":"http:\/\/motoportugal.pt\/index.php?rest_route=%2Fwp%2Fv2%2Fcategories&post=452"},{"taxonomy":"post_tag","embeddable":true,"href":"http:\/\/motoportugal.pt\/index.php?rest_route=%2Fwp%2Fv2%2Ftags&post=452"}],"curies":[{"name":"wp","href":"https:\/\/api.w.org\/{rel}","templated":true}]}}